{"id":335,"date":"2024-01-26T12:34:27","date_gmt":"2024-01-26T12:34:27","guid":{"rendered":"http:\/\/neu.foto-schlaeper.de\/?p=335"},"modified":"2024-01-26T12:34:27","modified_gmt":"2024-01-26T12:34:27","slug":"kinder","status":"publish","type":"post","link":"https:\/\/foto-schlaeper.de\/?p=335","title":{"rendered":"Kinder"},"content":{"rendered":"\n<hr class=\"wp-block-separator has-text-color has-background is-style-wide\" style=\"background-color:#55b9b7;color:#55b9b7\"\/>\n\n\n\n<p class=\"has-text-color has-text-align-center has-small-font-size has-light-gray-color\">Die Bildergalerie wird momentan \u00fcberarbeitet.<\/p>\n\n\n\n<hr class=\"wp-block-separator has-text-color has-background is-style-wide\" style=\"background-color:#55b9b7;color:#55b9b7\"\/>\n\n\n\n<h2 class=\"wp-block-heading\">Kinder<\/h2>\n\n\n\n<p>Die eigenen Fotos von den Kleinen m\u00f6gen in vielen F\u00e4llen ausreichen. Aber ist es nicht sch\u00f6n, sie auch mal von einen Profi fotografieren zu lassen ?! Der professionelles Licht einsetzt, sich Zeit nimmt, und auch mal Mama und Papa mitfotografiert. Und da ich das Wohl der Kleinen im Auge habe, breche ich einen Termin auch schon mal ab.<\/p>\n\n\n\n<p>F\u00fcr einen neuen Termin enstehen f\u00fcr Sie keine Zusatzkosten.<\/p>\n\n\n\n<hr class=\"wp-block-separator has-text-color has-background is-style-wide\" style=\"background-color:#55b9b7;color:#55b9b7\"\/>\n\n\n\n<h2 class=\"wp-block-heading\">Kinder Einzelshooting<\/h2>\n\n\n\n<h2 class=\"has-text-color wp-block-heading\" style=\"color:#d63333\">\u20ac 25,00 *<\/h2>\n\n\n\n<ul class=\"wp-block-list\"><li>1 Foto in der Gr\u00f6\u00dfe 15 x 20 cm<\/li><li>Auswahl aus ca. 30 Aufnahmen<\/li><li>Auswahl verschiedener Hintergr\u00fcnde<\/li><li>Fotos im Hochformat oder Querformat<\/li><li>Professionelle Bildretusche<\/li><\/ul>\n\n\n\n<p><strong>Optional mit versch. Abz\u00fcgen f\u00fcr das Familienalbum<\/strong>.<\/p>\n\n\n\n<p style=\"color:#ff8801\" class=\"has-text-color\"><strong><em>\u00bb&nbsp;&nbsp;<a href=\"http:\/\/neu.foto-schlaeper.de\/?page_id=496\" target=\"_blank\" rel=\"noreferrer noopener\" aria-label=\" (\u00f6ffnet in neuem Tab)\">zus\u00e4tzl. Angebote<\/a><\/em><\/strong><\/p>\n\n\n\n<p style=\"color:#d63333\" class=\"has-text-color has-small-font-size\">* Alle Preise inklusive der gesetzlichen MwSt.  \u00c4nderung und Irrt\u00fcmer vorbehalten.<\/p>\n\n\n\n<hr class=\"wp-block-separator has-text-color has-background is-style-wide\" style=\"background-color:#55b9b7;color:#55b9b7\"\/>\n\n\n\n<div class=\"wp-block-columns is-layout-flex wp-container-core-columns-is-layout-9d6595d7 wp-block-columns-is-layout-flex\">\n<div class=\"wp-block-column is-layout-flow wp-block-column-is-layout-flow\">\n<h2 class=\"wp-block-heading\"><br>Kontakt<\/h2>\n\n\n\n<p><strong>Fotostudio Dietmar Schl\u00e4per<\/strong><\/p>\n\n\n\n<p>Hagener Strasse 19<br>58642 Iserlohn-Letmathe<\/p>\n\n\n\n<p>Telefon: 0 23 74 &#8211; 75 81 134<\/p>\n\n\n\n<p><a href=\"mailto:info@foto-schlaeper.de\">info@foto-schlaeper.de<\/a><br><a rel=\"noreferrer noopener\" href=\"http:\/\/www.foto-schlaeper.de\" target=\"_blank\">www.foto-schlaeper.de<\/a><\/p>\n<\/div>\n\n\n\n<div class=\"wp-block-column is-layout-flow wp-block-column-is-layout-flow\">\n<h2 class=\"wp-block-heading\"><br>\u00d6ffnungszeiten<\/h2>\n\n\n\n<p><strong>Montag bis Freitag:<\/strong><\/p>\n\n\n\n<p>10:00 bis 12:00 Uhr<br>15:00 bis 17:00 Uhr<\/p>\n\n\n\n<p><strong>Termine nach Vereinbarung<br>sind m\u00f6glich<\/strong><\/p>\n\n\n\n<p class=\"has-text-color has-link-color wp-elements-71e8fd7e39bb6f79c7ff2b58c8768909\" style=\"color:#d63333\"><\/p>\n<\/div>\n<\/div>\n\n\n\n<p class=\"has-text-color has-link-color has-large-font-size wp-elements-e42b72eb5f55182ecc712ac71f7e85c8\" style=\"color:#d63333\"><\/p>\n\n\n\n<hr class=\"wp-block-separator has-text-color has-background is-style-wide\" style=\"background-color:#55b9b7;color:#55b9b7\"\/>\n\n\n\n<div class=\"wp-block-button aligncenter is-style-outline is-style-outline--1\"><a class=\"wp-block-button__link\" href=\"#top\">nach oben<\/a><\/div>\n","protected":false},"excerpt":{"rendered":"<p>Kinder Die eigenen Fotos von den Kleinen m\u00f6gen in vielen F\u00e4llen ausreichen. Aber ist es nicht sch\u00f6n, sie auch mal von einen Profi fotografieren zu lassen ?! Der professionelles Licht einsetzt, sich Zeit nimmt, und auch mal Mama und Papa mitfotografiert. Und da ich das Wohl der Kleinen im Auge habe, breche ich einen Termin [&hellip;]<\/p>\n","protected":false},"author":1,"featured_media":313,"comment_status":"closed","ping_status":"closed","sticky":false,"template":"","format":"standard","meta":{"ngg_post_thumbnail":0,"footnotes":""},"categories":[11],"tags":[],"class_list":["post-335","post","type-post","status-publish","format-standard","has-post-thumbnail","hentry","category-kinder"],"_links":{"self":[{"href":"https:\/\/foto-schlaeper.de\/index.php?rest_route=\/wp\/v2\/posts\/335","targetHints":{"allow":["GET"]}}],"collection":[{"href":"https:\/\/foto-schlaeper.de\/index.php?rest_route=\/wp\/v2\/posts"}],"about":[{"href":"https:\/\/foto-schlaeper.de\/index.php?rest_route=\/wp\/v2\/types\/post"}],"author":[{"embeddable":true,"href":"https:\/\/foto-schlaeper.de\/index.php?rest_route=\/wp\/v2\/users\/1"}],"replies":[{"embeddable":true,"href":"https:\/\/foto-schlaeper.de\/index.php?rest_route=%2Fwp%2Fv2%2Fcomments&post=335"}],"version-history":[{"count":5,"href":"https:\/\/foto-schlaeper.de\/index.php?rest_route=\/wp\/v2\/posts\/335\/revisions"}],"predecessor-version":[{"id":688,"href":"https:\/\/foto-schlaeper.de\/index.php?rest_route=\/wp\/v2\/posts\/335\/revisions\/688"}],"wp:featuredmedia":[{"embeddable":true,"href":"https:\/\/foto-schlaeper.de\/index.php?rest_route=\/wp\/v2\/media\/313"}],"wp:attachment":[{"href":"https:\/\/foto-schlaeper.de\/index.php?rest_route=%2Fwp%2Fv2%2Fmedia&parent=335"}],"wp:term":[{"taxonomy":"category","embeddable":true,"href":"https:\/\/foto-schlaeper.de\/index.php?rest_route=%2Fwp%2Fv2%2Fcategories&post=335"},{"taxonomy":"post_tag","embeddable":true,"href":"https:\/\/foto-schlaeper.de\/index.php?rest_route=%2Fwp%2Fv2%2Ftags&post=335"}],"curies":[{"name":"wp","href":"https:\/\/api.w.org\/{rel}","templated":true}]}}