{"id":326,"date":"2024-01-26T12:36:03","date_gmt":"2024-01-26T12:36:03","guid":{"rendered":"http:\/\/neu.foto-schlaeper.de\/?p=326"},"modified":"2024-01-26T12:36:03","modified_gmt":"2024-01-26T12:36:03","slug":"babybauch","status":"publish","type":"post","link":"https:\/\/foto-schlaeper.de\/?p=326","title":{"rendered":"Babybauch"},"content":{"rendered":"\n<hr class=\"wp-block-separator has-text-color has-background is-style-wide\" style=\"background-color:#55b9b7;color:#55b9b7\"\/>\n\n\n\n<p class=\"has-text-color has-text-align-center has-small-font-size has-light-gray-color\">Die Bildergalerie wird momentan \u00fcberarbeitet.<\/p>\n\n\n\n<hr class=\"wp-block-separator has-text-color has-background is-style-wide\" style=\"background-color:#55b9b7;color:#55b9b7\"\/>\n\n\n\n<h2 class=\"wp-block-heading\">9 Monate<\/h2>\n\n\n\n<p>Dieses Ereigniss ist einmalig, Sie befinden sich in einem Wechselbad der Gef\u00fchle. Das Kind w\u00e4chst unter Ihrem Herzen, Sie sind stolz und gl\u00fccklich. Halten Sie diese Momente in einem Foto fest. Denn pl\u00f6tzlich sind die 9 Monate vergangen. Und wenn Ihr Kind gro\u00df und gr\u00f6\u00dfer wird werden Sie sich beim Anblick der Fotos an diese Gef\u00fchle erinnern.<\/p>\n\n\n\n<hr class=\"wp-block-separator has-text-color has-background is-style-wide\" style=\"background-color:#55b9b7;color:#55b9b7\"\/>\n\n\n\n<h2 class=\"wp-block-heading\">Babybauch einzelshooting<\/h2>\n\n\n\n<h2 class=\"has-text-color wp-block-heading\" style=\"color:#d63333\">\u20ac 35,00 *<\/h2>\n\n\n\n<ul class=\"wp-block-list\"><li>1 Foto in der Gr\u00f6\u00dfe 15 x 20 cm<\/li><li>&nbsp;Auswahl aus ca. 30 Aufnahmen<\/li><li>Auswahl versch. Hintergr\u00fcnde<\/li><li>Fotos im Hoch- oder Querformat<\/li><li>Professionelle Bildretusche<\/li><\/ul>\n\n\n\n<p><strong>Optional mit versch. Abz\u00fcgen f\u00fcr das Familienalbum.<\/strong><\/p>\n\n\n\n<p style=\"color:#ff8801\" class=\"has-text-color\"><strong><em>\u00bb&nbsp;&nbsp;<a href=\"http:\/\/neu.foto-schlaeper.de\/?page_id=496\" target=\"_blank\" rel=\"noreferrer noopener\" aria-label=\" (\u00f6ffnet in neuem Tab)\">zus\u00e4tzl. Angebote<\/a><\/em><\/strong><\/p>\n\n\n\n<p style=\"color:#d63333\" class=\"has-text-color has-small-font-size\">* Alle Preise inklusive der gesetzlichen MwSt.  \u00c4nderung und Irrt\u00fcmer vorbehalten.<\/p>\n\n\n\n<hr class=\"wp-block-separator has-text-color has-background is-style-wide\" style=\"background-color:#55b9b7;color:#55b9b7\"\/>\n\n\n\n<div class=\"wp-block-columns is-layout-flex wp-container-core-columns-is-layout-9d6595d7 wp-block-columns-is-layout-flex\">\n<div class=\"wp-block-column is-layout-flow wp-block-column-is-layout-flow\">\n<h2 class=\"wp-block-heading\"><br>Kontakt<\/h2>\n\n\n\n<p><strong>Fotostudio Dietmar Schl\u00e4per<\/strong><\/p>\n\n\n\n<p>Hagener Strasse 19<br>58642 Iserlohn-Letmathe<\/p>\n\n\n\n<p>Telefon: 0 23 74 &#8211; 75 81 134<\/p>\n\n\n\n<p><a href=\"mailto:info@foto-schlaeper.de\">info@foto-schlaeper.de<\/a><br><a rel=\"noreferrer noopener\" href=\"http:\/\/www.foto-schlaeper.de\" target=\"_blank\">www.foto-schlaeper.de<\/a><\/p>\n<\/div>\n\n\n\n<div class=\"wp-block-column is-layout-flow wp-block-column-is-layout-flow\">\n<h2 class=\"wp-block-heading\"><br>\u00d6ffnungszeiten<\/h2>\n\n\n\n<p><strong>Montag bis Freitag:<\/strong><\/p>\n\n\n\n<p>10:00 bis 12:00 Uhr<br>15:00 bis 17:00 Uhr<\/p>\n\n\n\n<p><strong>Termine nach Vereinbarung<br>sind m\u00f6glich<\/strong><\/p>\n\n\n\n<p class=\"has-text-color has-link-color wp-elements-71e8fd7e39bb6f79c7ff2b58c8768909\" style=\"color:#d63333\"><\/p>\n<\/div>\n<\/div>\n\n\n\n<p class=\"has-text-color has-link-color has-large-font-size wp-elements-e42b72eb5f55182ecc712ac71f7e85c8\" style=\"color:#d63333\"><\/p>\n\n\n\n<hr class=\"wp-block-separator has-text-color has-background is-style-wide\" style=\"background-color:#55b9b7;color:#55b9b7\"\/>\n\n\n\n<div class=\"wp-block-button aligncenter is-style-outline is-style-outline--1\"><a class=\"wp-block-button__link\" href=\"#top\">nach oben<\/a><\/div>\n","protected":false},"excerpt":{"rendered":"<p>9 Monate Dieses Ereigniss ist einmalig, Sie befinden sich in einem Wechselbad der Gef\u00fchle. Das Kind w\u00e4chst unter Ihrem Herzen, Sie sind stolz und gl\u00fccklich. Halten Sie diese Momente in einem Foto fest. Denn pl\u00f6tzlich sind die 9 Monate vergangen. Und wenn Ihr Kind gro\u00df und gr\u00f6\u00dfer wird werden Sie sich beim Anblick der Fotos [&hellip;]<\/p>\n","protected":false},"author":1,"featured_media":316,"comment_status":"closed","ping_status":"closed","sticky":false,"template":"","format":"standard","meta":{"ngg_post_thumbnail":0,"footnotes":""},"categories":[8],"tags":[],"class_list":["post-326","post","type-post","status-publish","format-standard","has-post-thumbnail","hentry","category-babybauch"],"_links":{"self":[{"href":"https:\/\/foto-schlaeper.de\/index.php?rest_route=\/wp\/v2\/posts\/326","targetHints":{"allow":["GET"]}}],"collection":[{"href":"https:\/\/foto-schlaeper.de\/index.php?rest_route=\/wp\/v2\/posts"}],"about":[{"href":"https:\/\/foto-schlaeper.de\/index.php?rest_route=\/wp\/v2\/types\/post"}],"author":[{"embeddable":true,"href":"https:\/\/foto-schlaeper.de\/index.php?rest_route=\/wp\/v2\/users\/1"}],"replies":[{"embeddable":true,"href":"https:\/\/foto-schlaeper.de\/index.php?rest_route=%2Fwp%2Fv2%2Fcomments&post=326"}],"version-history":[{"count":32,"href":"https:\/\/foto-schlaeper.de\/index.php?rest_route=\/wp\/v2\/posts\/326\/revisions"}],"predecessor-version":[{"id":684,"href":"https:\/\/foto-schlaeper.de\/index.php?rest_route=\/wp\/v2\/posts\/326\/revisions\/684"}],"wp:featuredmedia":[{"embeddable":true,"href":"https:\/\/foto-schlaeper.de\/index.php?rest_route=\/wp\/v2\/media\/316"}],"wp:attachment":[{"href":"https:\/\/foto-schlaeper.de\/index.php?rest_route=%2Fwp%2Fv2%2Fmedia&parent=326"}],"wp:term":[{"taxonomy":"category","embeddable":true,"href":"https:\/\/foto-schlaeper.de\/index.php?rest_route=%2Fwp%2Fv2%2Fcategories&post=326"},{"taxonomy":"post_tag","embeddable":true,"href":"https:\/\/foto-schlaeper.de\/index.php?rest_route=%2Fwp%2Fv2%2Ftags&post=326"}],"curies":[{"name":"wp","href":"https:\/\/api.w.org\/{rel}","templated":true}]}}