{"id":162,"date":"2024-01-26T12:36:36","date_gmt":"2024-01-26T12:36:36","guid":{"rendered":"http:\/\/neu.foto-schlaeper.de\/?p=162"},"modified":"2024-05-10T11:10:56","modified_gmt":"2024-05-10T11:10:56","slug":"bewerbung","status":"publish","type":"post","link":"https:\/\/foto-schlaeper.de\/?p=162","title":{"rendered":"Bewerbung"},"content":{"rendered":"\n<p class=\"has-text-align-center\"><strong>Bewerbungsbilder zur Zeit nur mit Voranmeldung<\/strong><\/p>\n\n\n\n<hr class=\"wp-block-separator has-text-color has-background is-style-wide\" style=\"background-color:#55b9b7;color:#55b9b7\"\/>\n\n\n\n<p class=\"has-text-color has-text-align-center has-small-font-size has-light-gray-color\">Alle Bilder sind urheberrechtlich gesch\u00fctzt.<\/p>\n\n\n\nngg_shortcode_0_placeholder\n\n\n\n<hr class=\"wp-block-separator has-text-color has-background is-style-wide\" style=\"background-color:#55b9b7;color:#55b9b7\"\/>\n\n\n\n<h2 class=\"wp-block-heading\">Der erste Eindruck z\u00e4hlt<\/h2>\n\n\n\n<p>F\u00fcr den guten Gesamteindruck bei einer Bewerbung, darf ein professionelles Bewerbungsfoto nicht fehlen. Denn oftmals k\u00f6nnen wir uns der Wirkung eines Bildes nicht ganz entziehen. In den meisten F\u00e4llen ist es entscheidend daf\u00fcr, ob man Sie sympathisch findet oder nicht.<\/p>\n\n\n\n<p>Profitieren Sie von meiner Erfahrung und der professionellen Arbeitsweise. Immer wieder erhalte ich positive R\u00fcckmeldungen von meinen Kunden, f\u00fcr die sichere Stil- &amp; Auswahlberatung \u2013 f\u00fcr das wenige mehr an Service und das fotografische Know-How.<\/p>\n\n\n\n<p>Hinter dem Ziel und nat\u00fcrlich vor der Kamera, das bestm\u00f6gliche Motiv f\u00fcr die Bewerbung einzufangen, erreichen wir mit einer kleinen Aufnahmeserie von Ihnen. Hierbei k\u00f6nnen und d\u00fcrfen Sie gerne verschiedene Outfits tragen. Somit haben Sie eine tolle M\u00f6glichkeit, aus den fotografierten Bildern, Ihr pers\u00f6nliches Bewerbungsfoto auszusuchen.<\/p>\n\n\n\n<p>Nach der Auswahl bekommen Sie gleich Ihre Bilder als Fotoabz\u00fcge mit. Au\u00dferdem erhalten Sie Ihr Bewerbungsfoto auch als digitale Bilddatei, im Jpeg-Format, f\u00fcr die Online-Bewerbung.<\/p>\n\n\n\n<p>Alle Bilder werden von uns retuschiert, digital aufbearbeitet und optimiert. Eine Nachbestellung Ihrer Aufnahme ist jederzeit m\u00f6glich, da wir f\u00fcr lange Zeit die Bilder in unserem Archiv speichern.<\/p>\n\n\n\n<p>Das Bewerbungsfoto bleibt nach wie vor, das A und O einer erfolgreichen Bewerbung.<\/p>\n\n\n\n<hr class=\"wp-block-separator has-text-color has-background is-style-wide\" style=\"background-color:#55b9b7;color:#55b9b7\"\/>\n\n\n\n<h2 class=\"wp-block-heading has-black-color has-text-color\">BEWERBUNGSFOTO JUNIOR (bis 16 Jahre)<\/h2>\n\n\n\n<h2 class=\"wp-block-heading has-text-color\" style=\"color:#d63333\">\u20ac 40,00 *<\/h2>\n\n\n\n<ul class=\"wp-block-list\">\n<li>Auswahl aus ca. 8 bis 10 Aufnahmen<\/li>\n\n\n\n<li>Fotos im Hochformat<\/li>\n\n\n\n<li>leichte Bildretusche<\/li>\n\n\n\n<li>4 Fotos in der Gr\u00f6\u00dfe 5 x 7 cm<\/li>\n\n\n\n<li>Inklusive Jpeg-Datei<\/li>\n<\/ul>\n\n\n\n<p><strong>Ihre Abz\u00fcge gleich zum mitnehmen.<br>Anmeldung erforderlich.<\/strong><\/p>\n\n\n\n<p style=\"color:#ff8801\" class=\"has-text-color\"><strong><em>\u00bb&nbsp;&nbsp;<a href=\"http:\/\/neu.foto-schlaeper.de\/?page_id=496\" target=\"_blank\" rel=\"noreferrer noopener\" aria-label=\" (\u00f6ffnet in neuem Tab)\">zus\u00e4tzl. Angebote<\/a><\/em><\/strong><\/p>\n\n\n\n<p style=\"color:#d63333\" class=\"has-text-color has-small-font-size\">* Alle Preise inklusive der gesetzlichen MwSt.  \u00c4nderung und Irrt\u00fcmer vorbehalten.<\/p>\n\n\n\n<hr class=\"wp-block-separator has-text-color has-background is-style-wide\" style=\"background-color:#55b9b7;color:#55b9b7\"\/>\n\n\n\n<h2 class=\"wp-block-heading has-black-color has-text-color\">BEWERBUNGSFOTO STANDARD<\/h2>\n\n\n\n<h2 class=\"wp-block-heading has-text-color\" style=\"color:#d63333\">\u20ac 50,00 *<\/h2>\n\n\n\n<ul class=\"wp-block-list\">\n<li>Auswahl aus ca. 14 bis 18 Aufnahmen<\/li>\n\n\n\n<li>Fotos im Hochformat oder Querformat<\/li>\n\n\n\n<li>Abz\u00fcge in Farbe, SW oder Sepia<\/li>\n\n\n\n<li>Professionelle Bildretusche<\/li>\n\n\n\n<li>4 Fotos in der Gr\u00f6\u00dfe 6 x 8 cm<\/li>\n\n\n\n<li>Inklusive Jpeg-Datei<\/li>\n<\/ul>\n\n\n\n<p><strong>Ihre Abz\u00fcge gleich zum mitnehmen. <br>Anmeldung erforderlich.<\/strong><\/p>\n\n\n\n<p style=\"color:#ff8801\" class=\"has-text-color\"><strong><em>\u00bb&nbsp;&nbsp;<a href=\"http:\/\/neu.foto-schlaeper.de\/?page_id=496\" target=\"_blank\" rel=\"noreferrer noopener\" aria-label=\" (\u00f6ffnet in neuem Tab)\">zus\u00e4tzl. Angebote<\/a><\/em><\/strong><\/p>\n\n\n\n<p class=\"has-text-color has-small-font-size\" style=\"color:#d63333\">* Alle Preise inklusive der gesetzlichen MwSt.  \u00c4nderung und Irrt\u00fcmer vorbehalten.<\/p>\n\n\n\n<hr class=\"wp-block-separator has-text-color has-background is-style-wide\" style=\"background-color:#55b9b7;color:#55b9b7\"\/>\n\n\n\n<h2 class=\"wp-block-heading\">BEWERBUNGSFOTO BUSINESS<\/h2>\n\n\n\n<h2 class=\"wp-block-heading has-text-color\" style=\"color:#d63333\">\u20ac 75,00 *<\/h2>\n\n\n\n<ul class=\"wp-block-list\">\n<li>Auswahl aus ca. 25 Aufnahmen<\/li>\n\n\n\n<li>Fotoshooting mit Hintergrund- und Outfitwechsel<\/li>\n\n\n\n<li>Fotos im Hoch- oder Querformat<\/li>\n\n\n\n<li>Abz\u00fcge in Farbe, SW oder Sepia<\/li>\n\n\n\n<li>Professionelle Bildretusche und Optimierung<\/li>\n\n\n\n<li>4 Fotos in der Gr\u00f6\u00dfe 6 x 8 cm oder 2 Fotos 7 x 10 cm<\/li>\n\n\n\n<li>Inklusive Jpeg-Datei<\/li>\n<\/ul>\n\n\n\n<p><strong>Ihre Abz\u00fcge gleich zum mitnehmen. <br>Anmeldung erforderlich.<\/strong><\/p>\n\n\n\n<p style=\"color:#ff8801\" class=\"has-text-color\"><strong><em>\u00bb&nbsp;&nbsp;<a href=\"http:\/\/neu.foto-schlaeper.de\/?page_id=496\" target=\"_blank\" rel=\"noreferrer noopener\" aria-label=\" (\u00f6ffnet in neuem Tab)\">zus\u00e4tzl. Angebote<\/a><\/em><\/strong><\/p>\n\n\n\n<p class=\"has-text-color has-small-font-size\" style=\"color:#d63333\">* Alle Preise inklusive der gesetzlichen MwSt.  \u00c4nderung und Irrt\u00fcmer vorbehalten.<\/p>\n\n\n\n<hr class=\"wp-block-separator has-text-color has-background is-style-wide\" style=\"background-color:#55b9b7;color:#55b9b7\"\/>\n\n\n\n<h2 class=\"wp-block-heading has-black-color has-text-color\">IMAGE FOTOS<\/h2>\n\n\n\n<h2 class=\"wp-block-heading has-text-color\" style=\"color:#d63333\">\u20ac 110,00 *<\/h2>\n\n\n\n<ul class=\"wp-block-list\">\n<li>Auswahl aus ca. 30 bis 40 Aufnahmen<\/li>\n\n\n\n<li>Professionelle Bildretusche und Optimierung<\/li>\n\n\n\n<li>4 Fotos in der Gr\u00f6\u00dfe 9 x 13 cm<\/li>\n\n\n\n<li>Fotoshooting mit Outfitwechsel<\/li>\n\n\n\n<li>Premiumshooting im Studio<\/li>\n\n\n\n<li>Inklusive Nutzungsrechte (Bilddateien)<\/li>\n<\/ul>\n\n\n\n<p><strong>Vor-Ort-Shootings mit Mehrpreis.<\/strong> (bitte anfragen)<br><strong>Anmeldung erforderlich.<\/strong><\/p>\n\n\n\n<p style=\"color:#ff8801\" class=\"has-text-color\"><strong><em>\u00bb&nbsp;&nbsp;<a href=\"http:\/\/neu.foto-schlaeper.de\/?page_id=496\" target=\"_blank\" rel=\"noreferrer noopener\" aria-label=\" (\u00f6ffnet in neuem Tab)\">zus\u00e4tzl. Angebote<\/a><\/em><\/strong><\/p>\n\n\n\n<p class=\"has-text-color has-small-font-size\" style=\"color:#d63333\">* Alle Preise inklusive der gesetzlichen MwSt.  \u00c4nderung und Irrt\u00fcmer vorbehalten.<\/p>\n\n\n\n<hr class=\"wp-block-separator has-text-color has-background is-style-wide\" style=\"background-color:#55b9b7;color:#55b9b7\"\/>\n\n\n\n<div class=\"wp-block-columns is-layout-flex wp-container-core-columns-is-layout-9d6595d7 wp-block-columns-is-layout-flex\">\n<div class=\"wp-block-column is-layout-flow wp-block-column-is-layout-flow\">\n<h2 class=\"wp-block-heading\"><br>Kontakt<\/h2>\n\n\n\n<p><strong>Fotostudio Dietmar Schl\u00e4per<\/strong><\/p>\n\n\n\n<p>Hagener Strasse 19<br>58642 Iserlohn-Letmathe<\/p>\n\n\n\n<p>Telefon: 0 23 74 &#8211; 75 81 134<\/p>\n\n\n\n<p><a href=\"mailto:info@foto-schlaeper.de\">info@foto-schlaeper.de<\/a><br><a rel=\"noreferrer noopener\" href=\"http:\/\/www.foto-schlaeper.de\" target=\"_blank\">www.foto-schlaeper.de<\/a><\/p>\n<\/div>\n\n\n\n<div class=\"wp-block-column is-layout-flow wp-block-column-is-layout-flow\">\n<h2 class=\"wp-block-heading\"><br>\u00d6ffnungszeiten<\/h2>\n\n\n\n<p><strong>Montag bis Freitag:<\/strong><\/p>\n\n\n\n<p>10:00 bis 12:00 Uhr<br>15:00 bis 17:00 Uhr<\/p>\n\n\n\n<p><strong>Termine nach Vereinbarung<br>sind m\u00f6glich<\/strong><\/p>\n\n\n\n<p class=\"has-text-color has-link-color wp-elements-71e8fd7e39bb6f79c7ff2b58c8768909\" style=\"color:#d63333\"><\/p>\n<\/div>\n<\/div>\n\n\n\n<p class=\"has-text-color has-link-color has-large-font-size wp-elements-e42b72eb5f55182ecc712ac71f7e85c8\" style=\"color:#d63333\"><\/p>\n\n\n\n<hr class=\"wp-block-separator has-text-color has-background is-style-wide\" style=\"background-color:#55b9b7;color:#55b9b7\"\/>\n\n\n\n<div class=\"wp-block-button is-style-outline aligncenter is-style-outline--1\"><a class=\"wp-block-button__link wp-element-button\" href=\"#top\">nach oben<\/a><\/div>\n\n\n\n<p><\/p>\n","protected":false},"excerpt":{"rendered":"<p>Bewerbungsbilder zur Zeit nur mit Voranmeldung Der erste Eindruck z\u00e4hlt F\u00fcr den guten Gesamteindruck bei einer Bewerbung, darf ein professionelles Bewerbungsfoto nicht fehlen. Denn oftmals k\u00f6nnen wir uns der Wirkung eines Bildes nicht ganz entziehen. In den meisten F\u00e4llen ist es entscheidend daf\u00fcr, ob man Sie sympathisch findet oder nicht. Profitieren Sie von meiner Erfahrung [&hellip;]<\/p>\n","protected":false},"author":1,"featured_media":311,"comment_status":"closed","ping_status":"closed","sticky":false,"template":"","format":"standard","meta":{"ngg_post_thumbnail":0,"footnotes":""},"categories":[5],"tags":[],"class_list":["post-162","post","type-post","status-publish","format-standard","has-post-thumbnail","hentry","category-bewerbung"],"_links":{"self":[{"href":"https:\/\/foto-schlaeper.de\/index.php?rest_route=\/wp\/v2\/posts\/162","targetHints":{"allow":["GET"]}}],"collection":[{"href":"https:\/\/foto-schlaeper.de\/index.php?rest_route=\/wp\/v2\/posts"}],"about":[{"href":"https:\/\/foto-schlaeper.de\/index.php?rest_route=\/wp\/v2\/types\/post"}],"author":[{"embeddable":true,"href":"https:\/\/foto-schlaeper.de\/index.php?rest_route=\/wp\/v2\/users\/1"}],"replies":[{"embeddable":true,"href":"https:\/\/foto-schlaeper.de\/index.php?rest_route=%2Fwp%2Fv2%2Fcomments&post=162"}],"version-history":[{"count":111,"href":"https:\/\/foto-schlaeper.de\/index.php?rest_route=\/wp\/v2\/posts\/162\/revisions"}],"predecessor-version":[{"id":818,"href":"https:\/\/foto-schlaeper.de\/index.php?rest_route=\/wp\/v2\/posts\/162\/revisions\/818"}],"wp:featuredmedia":[{"embeddable":true,"href":"https:\/\/foto-schlaeper.de\/index.php?rest_route=\/wp\/v2\/media\/311"}],"wp:attachment":[{"href":"https:\/\/foto-schlaeper.de\/index.php?rest_route=%2Fwp%2Fv2%2Fmedia&parent=162"}],"wp:term":[{"taxonomy":"category","embeddable":true,"href":"https:\/\/foto-schlaeper.de\/index.php?rest_route=%2Fwp%2Fv2%2Fcategories&post=162"},{"taxonomy":"post_tag","embeddable":true,"href":"https:\/\/foto-schlaeper.de\/index.php?rest_route=%2Fwp%2Fv2%2Ftags&post=162"}],"curies":[{"name":"wp","href":"https:\/\/api.w.org\/{rel}","templated":true}]}}